{"id":3349,"date":"2025-12-06T19:22:01","date_gmt":"2025-12-06T18:22:01","guid":{"rendered":"https:\/\/www.maenflorin.be\/?p=3349"},"modified":"2025-12-06T19:22:01","modified_gmt":"2025-12-06T18:22:01","slug":"artzuid-amsterdam","status":"publish","type":"post","link":"https:\/\/www.maenflorin.be\/fr\/2025\/12\/06\/artzuid-amsterdam\/","title":{"rendered":"ARTZUID\u00a0&#8211; Amsterdam"},"content":{"rendered":"<div class=\"\">ARTZUID&nbsp;<\/div>\n<div class=\"\">17.05 &#8211; 21.09.2025&nbsp;<\/div>\n<p>La 9e \u00e9dition de la Biennale de sculpture d&#8217;Amsterdam<\/p>\n<p>Amsterdam c\u00e9l\u00e8bre son 750e anniversaire sous le th\u00e8me \u00ab&nbsp;Lumi\u00e8res&nbsp;\u00bb, une c\u00e9l\u00e9bration de la libert\u00e9 et de la tol\u00e9rance qui ont fait la renomm\u00e9e de la ville.<\/p>\n<p>L&#8217;exposition pr\u00e9sente des sculptures d&#8217;artistes de renomm\u00e9e internationale et de jeunes talents prometteurs, le long d&#8217;un parcours de 5 kilom\u00e8tres \u00e0 travers le sud d&#8217;Amsterdam. Ce parcours emprunte les rues Minervalaan, Apollolaan et Churchilllaan.<\/p>\n<p>&nbsp;<\/p>\n<div>&nbsp;<\/div>\n<div>ngg_shortcode_0_placeholder<\/div>\n","protected":false},"excerpt":{"rendered":"<p>ARTZUID&nbsp; 17.05 &#8211; 21.09.2025&nbsp; La 9e \u00e9dition de la Biennale de sculpture d&#8217;Amsterdam Amsterdam c\u00e9l\u00e8bre son 750e anniversaire sous le th\u00e8me \u00ab&nbsp;Lumi\u00e8res&nbsp;\u00bb, une c\u00e9l\u00e9bration de la libert\u00e9 et de la tol\u00e9rance qui ont fait la renomm\u00e9e de la ville. L&#8217;exposition pr\u00e9sente des sculptures d&#8217;artistes de renomm\u00e9e internationale et de jeunes talents prometteurs, le long d&#8217;un<a class=\"btn pull-right btn-readmore\" role=\"button\" href=\"https:\/\/www.maenflorin.be\/fr\/2025\/12\/06\/artzuid-amsterdam\/\" title=\"ReadARTZUID\u00a0&#8211; Amsterdam\">Read more &raquo;<\/a><\/p>\n","protected":false},"author":1,"featured_media":0,"comment_status":"closed","ping_status":"open","sticky":false,"template":"","format":"standard","meta":{"_acf_changed":false,"ngg_post_thumbnail":0,"footnotes":""},"categories":[255,233],"tags":[],"class_list":["post-3349","post","type-post","status-publish","format-standard","hentry","category-nouvelles","category-tentoonstellingen-fr"],"acf":[],"yoast_head":"<!-- This site is optimized with the Yoast SEO plugin v26.5 - https:\/\/yoast.com\/wordpress\/plugins\/seo\/ -->\n<title>ARTZUID\u00a0- Amsterdam - Maen Florin<\/title>\n<meta name=\"description\" content=\"Beeldend kunstenaar Maen Florin, Belgi\u00eb\" \/>\n<meta name=\"robots\" content=\"index, follow, max-snippet:-1, max-image-preview:large, max-video-preview:-1\" \/>\n<link rel=\"canonical\" href=\"https:\/\/www.maenflorin.be\/fr\/2025\/12\/06\/artzuid-amsterdam\/\" \/>\n<meta property=\"og:locale\" content=\"fr_FR\" \/>\n<meta property=\"og:type\" content=\"article\" \/>\n<meta property=\"og:title\" content=\"ARTZUID\u00a0- Amsterdam - Maen Florin\" \/>\n<meta property=\"og:description\" content=\"Beeldend kunstenaar Maen Florin, Belgi\u00eb\" \/>\n<meta property=\"og:url\" content=\"https:\/\/www.maenflorin.be\/fr\/2025\/12\/06\/artzuid-amsterdam\/\" \/>\n<meta property=\"og:site_name\" content=\"Maen Florin\" \/>\n<meta property=\"article:published_time\" content=\"2025-12-06T18:22:01+00:00\" \/>\n<meta property=\"og:image\" content=\"https:\/\/www.maenflorin.be\/wp-content\/uploads\/2024\/06\/cropped-maen-florin-favicon.jpg\" \/>\n\t<meta property=\"og:image:width\" content=\"512\" \/>\n\t<meta property=\"og:image:height\" content=\"512\" \/>\n\t<meta property=\"og:image:type\" content=\"image\/jpeg\" \/>\n<meta name=\"author\" content=\"mixette\" \/>\n<meta name=\"twitter:card\" content=\"summary_large_image\" \/>\n<meta name=\"twitter:label1\" content=\"\u00c9crit par\" \/>\n\t<meta name=\"twitter:data1\" content=\"mixette\" \/>\n\t<meta name=\"twitter:label2\" content=\"Dur\u00e9e de lecture estim\u00e9e\" \/>\n\t<meta name=\"twitter:data2\" content=\"1 minute\" \/>\n<script type=\"application\/ld+json\" class=\"yoast-schema-graph\">{\"@context\":\"https:\/\/schema.org\",\"@graph\":[{\"@type\":\"Article\",\"@id\":\"https:\/\/www.maenflorin.be\/fr\/2025\/12\/06\/artzuid-amsterdam\/#article\",\"isPartOf\":{\"@id\":\"https:\/\/www.maenflorin.be\/fr\/2025\/12\/06\/artzuid-amsterdam\/\"},\"author\":{\"name\":\"mixette\",\"@id\":\"https:\/\/www.maenflorin.be\/fr\/#\/schema\/person\/a71da35149f69b4c826939abdd392740\"},\"headline\":\"ARTZUID\u00a0&#8211; Amsterdam\",\"datePublished\":\"2025-12-06T18:22:01+00:00\",\"mainEntityOfPage\":{\"@id\":\"https:\/\/www.maenflorin.be\/fr\/2025\/12\/06\/artzuid-amsterdam\/\"},\"wordCount\":126,\"publisher\":{\"@id\":\"https:\/\/www.maenflorin.be\/fr\/#\/schema\/person\/9d23bb21f4a6ce264b91fd758a1382d7\"},\"articleSection\":[\"nouvelles\",\"tentoonstellingen\"],\"inLanguage\":\"fr-FR\"},{\"@type\":\"WebPage\",\"@id\":\"https:\/\/www.maenflorin.be\/fr\/2025\/12\/06\/artzuid-amsterdam\/\",\"url\":\"https:\/\/www.maenflorin.be\/fr\/2025\/12\/06\/artzuid-amsterdam\/\",\"name\":\"ARTZUID\u00a0- Amsterdam - Maen Florin\",\"isPartOf\":{\"@id\":\"https:\/\/www.maenflorin.be\/fr\/#website\"},\"datePublished\":\"2025-12-06T18:22:01+00:00\",\"description\":\"Beeldend kunstenaar Maen Florin, Belgi\u00eb\",\"breadcrumb\":{\"@id\":\"https:\/\/www.maenflorin.be\/fr\/2025\/12\/06\/artzuid-amsterdam\/#breadcrumb\"},\"inLanguage\":\"fr-FR\",\"potentialAction\":[{\"@type\":\"ReadAction\",\"target\":[\"https:\/\/www.maenflorin.be\/fr\/2025\/12\/06\/artzuid-amsterdam\/\"]}]},{\"@type\":\"BreadcrumbList\",\"@id\":\"https:\/\/www.maenflorin.be\/fr\/2025\/12\/06\/artzuid-amsterdam\/#breadcrumb\",\"itemListElement\":[{\"@type\":\"ListItem\",\"position\":1,\"name\":\"Home\",\"item\":\"https:\/\/www.maenflorin.be\/fr\/\"},{\"@type\":\"ListItem\",\"position\":2,\"name\":\"ARTZUID\u00a0&#8211; Amsterdam\"}]},{\"@type\":\"WebSite\",\"@id\":\"https:\/\/www.maenflorin.be\/fr\/#website\",\"url\":\"https:\/\/www.maenflorin.be\/fr\/\",\"name\":\"Maen Florin\",\"description\":\"Beeldend kunstenaar\",\"publisher\":{\"@id\":\"https:\/\/www.maenflorin.be\/fr\/#\/schema\/person\/9d23bb21f4a6ce264b91fd758a1382d7\"},\"potentialAction\":[{\"@type\":\"SearchAction\",\"target\":{\"@type\":\"EntryPoint\",\"urlTemplate\":\"https:\/\/www.maenflorin.be\/fr\/?s={search_term_string}\"},\"query-input\":{\"@type\":\"PropertyValueSpecification\",\"valueRequired\":true,\"valueName\":\"search_term_string\"}}],\"inLanguage\":\"fr-FR\"},{\"@type\":[\"Person\",\"Organization\"],\"@id\":\"https:\/\/www.maenflorin.be\/fr\/#\/schema\/person\/9d23bb21f4a6ce264b91fd758a1382d7\",\"name\":\"Maen Florin\",\"image\":{\"@type\":\"ImageObject\",\"inLanguage\":\"fr-FR\",\"@id\":\"https:\/\/www.maenflorin.be\/fr\/#\/schema\/person\/image\/\",\"url\":\"https:\/\/www.maenflorin.be\/wp-content\/uploads\/2019\/11\/MaenFlorin-8726-200x300.jpg\",\"contentUrl\":\"https:\/\/www.maenflorin.be\/wp-content\/uploads\/2019\/11\/MaenFlorin-8726-200x300.jpg\",\"width\":200,\"height\":300,\"caption\":\"Maen Florin\"},\"logo\":{\"@id\":\"https:\/\/www.maenflorin.be\/fr\/#\/schema\/person\/image\/\"}},{\"@type\":\"Person\",\"@id\":\"https:\/\/www.maenflorin.be\/fr\/#\/schema\/person\/a71da35149f69b4c826939abdd392740\",\"name\":\"mixette\",\"image\":{\"@type\":\"ImageObject\",\"inLanguage\":\"fr-FR\",\"@id\":\"https:\/\/www.maenflorin.be\/fr\/#\/schema\/person\/image\/\",\"url\":\"https:\/\/secure.gravatar.com\/avatar\/613d5d520612a45d0255f498084fbefe48ede2e7bd6db286b9d17f38a2b6fa6c?s=96&d=mm&r=g\",\"contentUrl\":\"https:\/\/secure.gravatar.com\/avatar\/613d5d520612a45d0255f498084fbefe48ede2e7bd6db286b9d17f38a2b6fa6c?s=96&d=mm&r=g\",\"caption\":\"mixette\"}}]}<\/script>\n<!-- \/ Yoast SEO plugin. -->","yoast_head_json":{"title":"ARTZUID\u00a0- Amsterdam - Maen Florin","description":"Beeldend kunstenaar Maen Florin, Belgi\u00eb","robots":{"index":"index","follow":"follow","max-snippet":"max-snippet:-1","max-image-preview":"max-image-preview:large","max-video-preview":"max-video-preview:-1"},"canonical":"https:\/\/www.maenflorin.be\/fr\/2025\/12\/06\/artzuid-amsterdam\/","og_locale":"fr_FR","og_type":"article","og_title":"ARTZUID\u00a0- Amsterdam - Maen Florin","og_description":"Beeldend kunstenaar Maen Florin, Belgi\u00eb","og_url":"https:\/\/www.maenflorin.be\/fr\/2025\/12\/06\/artzuid-amsterdam\/","og_site_name":"Maen Florin","article_published_time":"2025-12-06T18:22:01+00:00","og_image":[{"width":512,"height":512,"url":"https:\/\/www.maenflorin.be\/wp-content\/uploads\/2024\/06\/cropped-maen-florin-favicon.jpg","type":"image\/jpeg"}],"author":"mixette","twitter_card":"summary_large_image","twitter_misc":{"\u00c9crit par":"mixette","Dur\u00e9e de lecture estim\u00e9e":"1 minute"},"schema":{"@context":"https:\/\/schema.org","@graph":[{"@type":"Article","@id":"https:\/\/www.maenflorin.be\/fr\/2025\/12\/06\/artzuid-amsterdam\/#article","isPartOf":{"@id":"https:\/\/www.maenflorin.be\/fr\/2025\/12\/06\/artzuid-amsterdam\/"},"author":{"name":"mixette","@id":"https:\/\/www.maenflorin.be\/fr\/#\/schema\/person\/a71da35149f69b4c826939abdd392740"},"headline":"ARTZUID\u00a0&#8211; Amsterdam","datePublished":"2025-12-06T18:22:01+00:00","mainEntityOfPage":{"@id":"https:\/\/www.maenflorin.be\/fr\/2025\/12\/06\/artzuid-amsterdam\/"},"wordCount":126,"publisher":{"@id":"https:\/\/www.maenflorin.be\/fr\/#\/schema\/person\/9d23bb21f4a6ce264b91fd758a1382d7"},"articleSection":["nouvelles","tentoonstellingen"],"inLanguage":"fr-FR"},{"@type":"WebPage","@id":"https:\/\/www.maenflorin.be\/fr\/2025\/12\/06\/artzuid-amsterdam\/","url":"https:\/\/www.maenflorin.be\/fr\/2025\/12\/06\/artzuid-amsterdam\/","name":"ARTZUID\u00a0- Amsterdam - Maen Florin","isPartOf":{"@id":"https:\/\/www.maenflorin.be\/fr\/#website"},"datePublished":"2025-12-06T18:22:01+00:00","description":"Beeldend kunstenaar Maen Florin, Belgi\u00eb","breadcrumb":{"@id":"https:\/\/www.maenflorin.be\/fr\/2025\/12\/06\/artzuid-amsterdam\/#breadcrumb"},"inLanguage":"fr-FR","potentialAction":[{"@type":"ReadAction","target":["https:\/\/www.maenflorin.be\/fr\/2025\/12\/06\/artzuid-amsterdam\/"]}]},{"@type":"BreadcrumbList","@id":"https:\/\/www.maenflorin.be\/fr\/2025\/12\/06\/artzuid-amsterdam\/#breadcrumb","itemListElement":[{"@type":"ListItem","position":1,"name":"Home","item":"https:\/\/www.maenflorin.be\/fr\/"},{"@type":"ListItem","position":2,"name":"ARTZUID\u00a0&#8211; Amsterdam"}]},{"@type":"WebSite","@id":"https:\/\/www.maenflorin.be\/fr\/#website","url":"https:\/\/www.maenflorin.be\/fr\/","name":"Maen Florin","description":"Beeldend kunstenaar","publisher":{"@id":"https:\/\/www.maenflorin.be\/fr\/#\/schema\/person\/9d23bb21f4a6ce264b91fd758a1382d7"},"potentialAction":[{"@type":"SearchAction","target":{"@type":"EntryPoint","urlTemplate":"https:\/\/www.maenflorin.be\/fr\/?s={search_term_string}"},"query-input":{"@type":"PropertyValueSpecification","valueRequired":true,"valueName":"search_term_string"}}],"inLanguage":"fr-FR"},{"@type":["Person","Organization"],"@id":"https:\/\/www.maenflorin.be\/fr\/#\/schema\/person\/9d23bb21f4a6ce264b91fd758a1382d7","name":"Maen Florin","image":{"@type":"ImageObject","inLanguage":"fr-FR","@id":"https:\/\/www.maenflorin.be\/fr\/#\/schema\/person\/image\/","url":"https:\/\/www.maenflorin.be\/wp-content\/uploads\/2019\/11\/MaenFlorin-8726-200x300.jpg","contentUrl":"https:\/\/www.maenflorin.be\/wp-content\/uploads\/2019\/11\/MaenFlorin-8726-200x300.jpg","width":200,"height":300,"caption":"Maen Florin"},"logo":{"@id":"https:\/\/www.maenflorin.be\/fr\/#\/schema\/person\/image\/"}},{"@type":"Person","@id":"https:\/\/www.maenflorin.be\/fr\/#\/schema\/person\/a71da35149f69b4c826939abdd392740","name":"mixette","image":{"@type":"ImageObject","inLanguage":"fr-FR","@id":"https:\/\/www.maenflorin.be\/fr\/#\/schema\/person\/image\/","url":"https:\/\/secure.gravatar.com\/avatar\/613d5d520612a45d0255f498084fbefe48ede2e7bd6db286b9d17f38a2b6fa6c?s=96&d=mm&r=g","contentUrl":"https:\/\/secure.gravatar.com\/avatar\/613d5d520612a45d0255f498084fbefe48ede2e7bd6db286b9d17f38a2b6fa6c?s=96&d=mm&r=g","caption":"mixette"}}]}},"_links":{"self":[{"href":"https:\/\/www.maenflorin.be\/fr\/wp-json\/wp\/v2\/posts\/3349","targetHints":{"allow":["GET"]}}],"collection":[{"href":"https:\/\/www.maenflorin.be\/fr\/wp-json\/wp\/v2\/posts"}],"about":[{"href":"https:\/\/www.maenflorin.be\/fr\/wp-json\/wp\/v2\/types\/post"}],"author":[{"embeddable":true,"href":"https:\/\/www.maenflorin.be\/fr\/wp-json\/wp\/v2\/users\/1"}],"replies":[{"embeddable":true,"href":"https:\/\/www.maenflorin.be\/fr\/wp-json\/wp\/v2\/comments?post=3349"}],"version-history":[{"count":1,"href":"https:\/\/www.maenflorin.be\/fr\/wp-json\/wp\/v2\/posts\/3349\/revisions"}],"predecessor-version":[{"id":3350,"href":"https:\/\/www.maenflorin.be\/fr\/wp-json\/wp\/v2\/posts\/3349\/revisions\/3350"}],"wp:attachment":[{"href":"https:\/\/www.maenflorin.be\/fr\/wp-json\/wp\/v2\/media?parent=3349"}],"wp:term":[{"taxonomy":"category","embeddable":true,"href":"https:\/\/www.maenflorin.be\/fr\/wp-json\/wp\/v2\/categories?post=3349"},{"taxonomy":"post_tag","embeddable":true,"href":"https:\/\/www.maenflorin.be\/fr\/wp-json\/wp\/v2\/tags?post=3349"}],"curies":[{"name":"wp","href":"https:\/\/api.w.org\/{rel}","templated":true}]}}